{"id":1285,"date":"2017-01-31T19:05:13","date_gmt":"2017-01-31T18:05:13","guid":{"rendered":"http:\/\/www.artdelvitrall.com\/?p=1285"},"modified":"2017-01-31T19:06:08","modified_gmt":"2017-01-31T18:06:08","slug":"galeria-de-la-masia-de-can-borrell","status":"publish","type":"post","link":"https:\/\/www.artdelvitrall.com\/es\/galeria-de-la-masia-de-can-borrell\/","title":{"rendered":"Galeria de la Masia de Can Borrell"},"content":{"rendered":"<p>La vidrieras y la galer\u00eda de la Masia de Can Borrell (Castellar del Vall\u00e8s) son de la reforma que se realiz\u00f3 en 1912 a cargo del arquitecto Juli Batllevell.<\/p>\n<p>En 1989 las restauramos.<\/p>\n<p>Os mostramos im\u00e1genes de la galer\u00eda y de la restauraci\u00f3n.<\/p>\n<p>Im\u00e1genes de la restauraci\u00f3n de uno de los conjuntos (Plafones inferior y superior) que visten las aperturas de la galer\u00eda.<br \/>\n\n\t\t<style type=\"text\/css\">\n\t\t\t#gallery-5 {\n\t\t\t\tmargin: auto;\n\t\t\t}\n\t\t\t#gallery-5 .gallery-item {\n\t\t\t\tfloat: left;\n\t\t\t\tmargin-top: 10px;\n\t\t\t\ttext-align: center;\n\t\t\t\twidth: 25%;\n\t\t\t}\n\t\t\t#gallery-5 img {\n\t\t\t\tborder: 2px solid #cfcfcf;\n\t\t\t}\n\t\t\t#gallery-5 .gallery-caption {\n\t\t\t\tmargin-left: 0;\n\t\t\t}\n\t\t\t\/* see gallery_shortcode() in wp-includes\/media.php *\/\n\t\t<\/style>\n\t\t<div id='gallery-5' class='gallery galleryid-1285 gallery-columns-4 gallery-size-thumbnail'><dl class='gallery-item'>\n\t\t\t<dt class='gallery-icon portrait'>\n\t\t\t\t<a href='https:\/\/www.artdelvitrall.com\/wp-content\/uploads\/2017\/01\/Can-Borrell-1.jpg'><img loading=\"lazy\" decoding=\"async\" width=\"150\" height=\"150\" src=\"https:\/\/www.artdelvitrall.com\/wp-content\/uploads\/2017\/01\/Can-Borrell-1-150x150.jpg\" class=\"attachment-thumbnail size-thumbnail\" alt=\"\" \/><\/a>\n\t\t\t<\/dt><\/dl><dl class='gallery-item'>\n\t\t\t<dt class='gallery-icon landscape'>\n\t\t\t\t<a href='https:\/\/www.artdelvitrall.com\/wp-content\/uploads\/2017\/01\/Can-Borrell-2.jpg'><img loading=\"lazy\" decoding=\"async\" width=\"150\" height=\"150\" src=\"https:\/\/www.artdelvitrall.com\/wp-content\/uploads\/2017\/01\/Can-Borrell-2-150x150.jpg\" class=\"attachment-thumbnail size-thumbnail\" alt=\"\" \/><\/a>\n\t\t\t<\/dt><\/dl><dl class='gallery-item'>\n\t\t\t<dt class='gallery-icon portrait'>\n\t\t\t\t<a href='https:\/\/www.artdelvitrall.com\/wp-content\/uploads\/2017\/01\/Can-Borrell-3.jpg'><img loading=\"lazy\" decoding=\"async\" width=\"150\" height=\"150\" src=\"https:\/\/www.artdelvitrall.com\/wp-content\/uploads\/2017\/01\/Can-Borrell-3-150x150.jpg\" class=\"attachment-thumbnail size-thumbnail\" alt=\"\" \/><\/a>\n\t\t\t<\/dt><\/dl><dl class='gallery-item'>\n\t\t\t<dt class='gallery-icon landscape'>\n\t\t\t\t<a href='https:\/\/www.artdelvitrall.com\/wp-content\/uploads\/2017\/01\/Can-Borrell-4.jpg'><img loading=\"lazy\" decoding=\"async\" width=\"150\" height=\"150\" src=\"https:\/\/www.artdelvitrall.com\/wp-content\/uploads\/2017\/01\/Can-Borrell-4-150x150.jpg\" class=\"attachment-thumbnail size-thumbnail\" alt=\"\" \/><\/a>\n\t\t\t<\/dt><\/dl><br style=\"clear: both\" \/><dl class='gallery-item'>\n\t\t\t<dt class='gallery-icon landscape'>\n\t\t\t\t<a href='https:\/\/www.artdelvitrall.com\/wp-content\/uploads\/2017\/01\/Can-Borrell-5.jpg'><img loading=\"lazy\" decoding=\"async\" width=\"150\" height=\"150\" src=\"https:\/\/www.artdelvitrall.com\/wp-content\/uploads\/2017\/01\/Can-Borrell-5-150x150.jpg\" class=\"attachment-thumbnail size-thumbnail\" alt=\"\" srcset=\"https:\/\/www.artdelvitrall.com\/wp-content\/uploads\/2017\/01\/Can-Borrell-5-150x150.jpg 150w, https:\/\/www.artdelvitrall.com\/wp-content\/uploads\/2017\/01\/Can-Borrell-5-300x297.jpg 300w, https:\/\/www.artdelvitrall.com\/wp-content\/uploads\/2017\/01\/Can-Borrell-5.jpg 736w\" sizes=\"auto, (max-width: 150px) 100vw, 150px\" \/><\/a>\n\t\t\t<\/dt><\/dl>\n\t\t\t<br style='clear: both' \/>\n\t\t<\/div>\n<br \/>\nA la puerta de entrada le faltaba la vidriera y se hizo una reproducci\u00f3n siguiendo la pauta del resto de vidrieras. Al disponer de material de la \u00e9poca, se consigui\u00f3 una pieza pr\u00e1cticamente id\u00e9ntica.<br \/>\n\n\t\t<style type=\"text\/css\">\n\t\t\t#gallery-6 {\n\t\t\t\tmargin: auto;\n\t\t\t}\n\t\t\t#gallery-6 .gallery-item {\n\t\t\t\tfloat: left;\n\t\t\t\tmargin-top: 10px;\n\t\t\t\ttext-align: center;\n\t\t\t\twidth: 25%;\n\t\t\t}\n\t\t\t#gallery-6 img {\n\t\t\t\tborder: 2px solid #cfcfcf;\n\t\t\t}\n\t\t\t#gallery-6 .gallery-caption {\n\t\t\t\tmargin-left: 0;\n\t\t\t}\n\t\t\t\/* see gallery_shortcode() in wp-includes\/media.php *\/\n\t\t<\/style>\n\t\t<div id='gallery-6' class='gallery galleryid-1285 gallery-columns-4 gallery-size-thumbnail'><dl class='gallery-item'>\n\t\t\t<dt class='gallery-icon portrait'>\n\t\t\t\t<a href='https:\/\/www.artdelvitrall.com\/wp-content\/uploads\/2017\/01\/Can-Borrell-6.jpg'><img loading=\"lazy\" decoding=\"async\" width=\"150\" height=\"150\" src=\"https:\/\/www.artdelvitrall.com\/wp-content\/uploads\/2017\/01\/Can-Borrell-6-150x150.jpg\" class=\"attachment-thumbnail size-thumbnail\" alt=\"\" \/><\/a>\n\t\t\t<\/dt><\/dl><dl class='gallery-item'>\n\t\t\t<dt class='gallery-icon portrait'>\n\t\t\t\t<a href='https:\/\/www.artdelvitrall.com\/wp-content\/uploads\/2017\/01\/Can-Borrell-7.jpg'><img loading=\"lazy\" decoding=\"async\" width=\"150\" height=\"150\" src=\"https:\/\/www.artdelvitrall.com\/wp-content\/uploads\/2017\/01\/Can-Borrell-7-150x150.jpg\" class=\"attachment-thumbnail size-thumbnail\" alt=\"\" \/><\/a>\n\t\t\t<\/dt><\/dl>\n\t\t\t<br style='clear: both' \/>\n\t\t<\/div>\n<br \/>\nVistas exteriores de la galer\u00eda y sus vidrieras.<br \/>\n\n\t\t<style type=\"text\/css\">\n\t\t\t#gallery-7 {\n\t\t\t\tmargin: auto;\n\t\t\t}\n\t\t\t#gallery-7 .gallery-item {\n\t\t\t\tfloat: left;\n\t\t\t\tmargin-top: 10px;\n\t\t\t\ttext-align: center;\n\t\t\t\twidth: 25%;\n\t\t\t}\n\t\t\t#gallery-7 img {\n\t\t\t\tborder: 2px solid #cfcfcf;\n\t\t\t}\n\t\t\t#gallery-7 .gallery-caption {\n\t\t\t\tmargin-left: 0;\n\t\t\t}\n\t\t\t\/* see gallery_shortcode() in wp-includes\/media.php *\/\n\t\t<\/style>\n\t\t<div id='gallery-7' class='gallery galleryid-1285 gallery-columns-4 gallery-size-thumbnail'><dl class='gallery-item'>\n\t\t\t<dt class='gallery-icon landscape'>\n\t\t\t\t<a href='https:\/\/www.artdelvitrall.com\/wp-content\/uploads\/2017\/01\/Can-Borrell-8.jpg'><img loading=\"lazy\" decoding=\"async\" width=\"150\" height=\"150\" src=\"https:\/\/www.artdelvitrall.com\/wp-content\/uploads\/2017\/01\/Can-Borrell-8-150x150.jpg\" class=\"attachment-thumbnail size-thumbnail\" alt=\"\" \/><\/a>\n\t\t\t<\/dt><\/dl><dl class='gallery-item'>\n\t\t\t<dt class='gallery-icon portrait'>\n\t\t\t\t<a href='https:\/\/www.artdelvitrall.com\/wp-content\/uploads\/2017\/01\/Can-Borrell-9.jpg'><img loading=\"lazy\" decoding=\"async\" width=\"150\" height=\"150\" src=\"https:\/\/www.artdelvitrall.com\/wp-content\/uploads\/2017\/01\/Can-Borrell-9-150x150.jpg\" class=\"attachment-thumbnail size-thumbnail\" alt=\"\" \/><\/a>\n\t\t\t<\/dt><\/dl>\n\t\t\t<br style='clear: both' \/>\n\t\t<\/div>\n<br \/>\nLas vidrieras de la capilla de la masia tambi\u00e9n pasaron por el proceso de restauraci\u00f3n.<br \/>\n\n\t\t<style type=\"text\/css\">\n\t\t\t#gallery-8 {\n\t\t\t\tmargin: auto;\n\t\t\t}\n\t\t\t#gallery-8 .gallery-item {\n\t\t\t\tfloat: left;\n\t\t\t\tmargin-top: 10px;\n\t\t\t\ttext-align: center;\n\t\t\t\twidth: 25%;\n\t\t\t}\n\t\t\t#gallery-8 img {\n\t\t\t\tborder: 2px solid #cfcfcf;\n\t\t\t}\n\t\t\t#gallery-8 .gallery-caption {\n\t\t\t\tmargin-left: 0;\n\t\t\t}\n\t\t\t\/* see gallery_shortcode() in wp-includes\/media.php *\/\n\t\t<\/style>\n\t\t<div id='gallery-8' class='gallery galleryid-1285 gallery-columns-4 gallery-size-thumbnail'><dl class='gallery-item'>\n\t\t\t<dt class='gallery-icon portrait'>\n\t\t\t\t<a href='https:\/\/www.artdelvitrall.com\/wp-content\/uploads\/2017\/01\/Can-Borrell-10.jpg'><img loading=\"lazy\" decoding=\"async\" width=\"150\" height=\"150\" src=\"https:\/\/www.artdelvitrall.com\/wp-content\/uploads\/2017\/01\/Can-Borrell-10-150x150.jpg\" class=\"attachment-thumbnail size-thumbnail\" alt=\"\" \/><\/a>\n\t\t\t<\/dt><\/dl><dl class='gallery-item'>\n\t\t\t<dt class='gallery-icon portrait'>\n\t\t\t\t<a href='https:\/\/www.artdelvitrall.com\/wp-content\/uploads\/2017\/01\/Can-Borrell-11.jpg'><img loading=\"lazy\" decoding=\"async\" width=\"150\" height=\"150\" src=\"https:\/\/www.artdelvitrall.com\/wp-content\/uploads\/2017\/01\/Can-Borrell-11-150x150.jpg\" class=\"attachment-thumbnail size-thumbnail\" alt=\"\" \/><\/a>\n\t\t\t<\/dt><\/dl>\n\t\t\t<br style='clear: both' \/>\n\t\t<\/div>\n<\/p>","protected":false},"excerpt":{"rendered":"<p>La vidrieras y la galer\u00eda de la Masia de Can Borrell (Castellar del Vall\u00e8s) son de la reforma que se realiz\u00f3 en 1912 a cargo del arquitecto Juli Batllevell. En 1989 las restauramos. Os mostramos im\u00e1genes de la galer\u00eda y de la restauraci\u00f3n. Im\u00e1genes de la restauraci\u00f3n de uno de los conjuntos (Plafones inferior y [&hellip;]<\/p>\n","protected":false},"author":1,"featured_media":0,"comment_status":"open","ping_status":"open","sticky":false,"template":"","format":"standard","meta":{"footnotes":""},"categories":[6],"tags":[],"class_list":["post-1285","post","type-post","status-publish","format-standard","hentry","category-restauracio"],"amp_enabled":true,"_links":{"self":[{"href":"https:\/\/www.artdelvitrall.com\/es\/wp-json\/wp\/v2\/posts\/1285","targetHints":{"allow":["GET"]}}],"collection":[{"href":"https:\/\/www.artdelvitrall.com\/es\/wp-json\/wp\/v2\/posts"}],"about":[{"href":"https:\/\/www.artdelvitrall.com\/es\/wp-json\/wp\/v2\/types\/post"}],"author":[{"embeddable":true,"href":"https:\/\/www.artdelvitrall.com\/es\/wp-json\/wp\/v2\/users\/1"}],"replies":[{"embeddable":true,"href":"https:\/\/www.artdelvitrall.com\/es\/wp-json\/wp\/v2\/comments?post=1285"}],"version-history":[{"count":2,"href":"https:\/\/www.artdelvitrall.com\/es\/wp-json\/wp\/v2\/posts\/1285\/revisions"}],"predecessor-version":[{"id":1298,"href":"https:\/\/www.artdelvitrall.com\/es\/wp-json\/wp\/v2\/posts\/1285\/revisions\/1298"}],"wp:attachment":[{"href":"https:\/\/www.artdelvitrall.com\/es\/wp-json\/wp\/v2\/media?parent=1285"}],"wp:term":[{"taxonomy":"category","embeddable":true,"href":"https:\/\/www.artdelvitrall.com\/es\/wp-json\/wp\/v2\/categories?post=1285"},{"taxonomy":"post_tag","embeddable":true,"href":"https:\/\/www.artdelvitrall.com\/es\/wp-json\/wp\/v2\/tags?post=1285"}],"curies":[{"name":"wp","href":"https:\/\/api.w.org\/{rel}","templated":true}]}}