{"id":1264,"date":"2016-06-20T21:24:40","date_gmt":"2016-06-20T19:24:40","guid":{"rendered":"http:\/\/www.artdelvitrall.com\/?p=1264"},"modified":"2016-06-20T21:24:40","modified_gmt":"2016-06-20T19:24:40","slug":"vitralls-de-lesglesia-de-sant-llorenc-de-la-muga","status":"publish","type":"post","link":"https:\/\/www.artdelvitrall.com\/es\/vitralls-de-lesglesia-de-sant-llorenc-de-la-muga\/","title":{"rendered":"Vidrieras de la iglesia de Sant Lloren\u00e7 de la Muga"},"content":{"rendered":"<p>Sant Lloren\u00e7 de la Muga se encuentra en la comarca del l&#8217;Alt Empord\u00e0 (Girona).<br \/>\nLa vidriera del \u00e1bside central se realiz\u00f3 en 1993 y el resto de aperturas de la iglesia, tanto interiores como exteriores, se realizaron en 2002.<br \/>\nEstos vitrales fueron realizados por encargo del Mn. Miquel Casteis, rector de la parroquia.<br \/>\nNuestro taller se encarg\u00f3 del dise\u00f1o y la realizaci\u00f3n.<\/p>\n<p>\n\t\t<style type=\"text\/css\">\n\t\t\t#gallery-2 {\n\t\t\t\tmargin: auto;\n\t\t\t}\n\t\t\t#gallery-2 .gallery-item {\n\t\t\t\tfloat: left;\n\t\t\t\tmargin-top: 10px;\n\t\t\t\ttext-align: center;\n\t\t\t\twidth: 25%;\n\t\t\t}\n\t\t\t#gallery-2 img {\n\t\t\t\tborder: 2px solid #cfcfcf;\n\t\t\t}\n\t\t\t#gallery-2 .gallery-caption {\n\t\t\t\tmargin-left: 0;\n\t\t\t}\n\t\t\t\/* see gallery_shortcode() in wp-includes\/media.php *\/\n\t\t<\/style>\n\t\t<div id='gallery-2' class='gallery galleryid-1264 gallery-columns-4 gallery-size-thumbnail'><dl class='gallery-item'>\n\t\t\t<dt class='gallery-icon portrait'>\n\t\t\t\t<a href='https:\/\/www.artdelvitrall.com\/wp-content\/uploads\/2016\/06\/St.-Lloren\u00e7-absis.jpg'><img loading=\"lazy\" decoding=\"async\" width=\"150\" height=\"150\" src=\"https:\/\/www.artdelvitrall.com\/wp-content\/uploads\/2016\/06\/St.-Lloren\u00e7-absis-150x150.jpg\" class=\"attachment-thumbnail size-thumbnail\" alt=\"\" aria-describedby=\"gallery-2-1271\" \/><\/a>\n\t\t\t<\/dt>\n\t\t\t\t<dd class='wp-caption-text gallery-caption' id='gallery-2-1271'>\n\t\t\t\tVitrall de l&#8217;absis central\n\t\t\t\t<\/dd><\/dl><dl class='gallery-item'>\n\t\t\t<dt class='gallery-icon landscape'>\n\t\t\t\t<a href='https:\/\/www.artdelvitrall.com\/wp-content\/uploads\/2016\/06\/Sant-Lloren\u00e7-6.jpg'><img loading=\"lazy\" decoding=\"async\" width=\"150\" height=\"150\" src=\"https:\/\/www.artdelvitrall.com\/wp-content\/uploads\/2016\/06\/Sant-Lloren\u00e7-6-150x150.jpg\" class=\"attachment-thumbnail size-thumbnail\" alt=\"\" aria-describedby=\"gallery-2-1270\" srcset=\"https:\/\/www.artdelvitrall.com\/wp-content\/uploads\/2016\/06\/Sant-Lloren\u00e7-6-150x150.jpg 150w, https:\/\/www.artdelvitrall.com\/wp-content\/uploads\/2016\/06\/Sant-Lloren\u00e7-6-300x298.jpg 300w, https:\/\/www.artdelvitrall.com\/wp-content\/uploads\/2016\/06\/Sant-Lloren\u00e7-6.jpg 1008w\" sizes=\"auto, (max-width: 150px) 100vw, 150px\" \/><\/a>\n\t\t\t<\/dt>\n\t\t\t\t<dd class='wp-caption-text gallery-caption' id='gallery-2-1270'>\n\t\t\t\tRosa M\u00edstica\n\t\t\t\t<\/dd><\/dl><dl class='gallery-item'>\n\t\t\t<dt class='gallery-icon portrait'>\n\t\t\t\t<a href='https:\/\/www.artdelvitrall.com\/wp-content\/uploads\/2016\/06\/Sant-Lloren\u00e7-4.jpg'><img loading=\"lazy\" decoding=\"async\" width=\"150\" height=\"150\" src=\"https:\/\/www.artdelvitrall.com\/wp-content\/uploads\/2016\/06\/Sant-Lloren\u00e7-4-150x150.jpg\" class=\"attachment-thumbnail size-thumbnail\" alt=\"\" aria-describedby=\"gallery-2-1268\" \/><\/a>\n\t\t\t<\/dt>\n\t\t\t\t<dd class='wp-caption-text gallery-caption' id='gallery-2-1268'>\n\t\t\t\tAl\u00b7leg\u00f2ric a St. Lloren\u00e7\n\t\t\t\t<\/dd><\/dl><dl class='gallery-item'>\n\t\t\t<dt class='gallery-icon portrait'>\n\t\t\t\t<a href='https:\/\/www.artdelvitrall.com\/wp-content\/uploads\/2016\/06\/Sant-Lloren\u00e7-5.jpg'><img loading=\"lazy\" decoding=\"async\" width=\"150\" height=\"150\" src=\"https:\/\/www.artdelvitrall.com\/wp-content\/uploads\/2016\/06\/Sant-Lloren\u00e7-5-150x150.jpg\" class=\"attachment-thumbnail size-thumbnail\" alt=\"\" aria-describedby=\"gallery-2-1269\" \/><\/a>\n\t\t\t<\/dt>\n\t\t\t\t<dd class='wp-caption-text gallery-caption' id='gallery-2-1269'>\n\t\t\t\tAl\u00b7legoria de l\u2019Eucaristia\n\t\t\t\t<\/dd><\/dl><br style=\"clear: both\" \/><dl class='gallery-item'>\n\t\t\t<dt class='gallery-icon portrait'>\n\t\t\t\t<a href='https:\/\/www.artdelvitrall.com\/wp-content\/uploads\/2016\/06\/Sant-Lloren\u00e7-3.jpg'><img loading=\"lazy\" decoding=\"async\" width=\"150\" height=\"150\" src=\"https:\/\/www.artdelvitrall.com\/wp-content\/uploads\/2016\/06\/Sant-Lloren\u00e7-3-150x150.jpg\" class=\"attachment-thumbnail size-thumbnail\" alt=\"\" aria-describedby=\"gallery-2-1267\" \/><\/a>\n\t\t\t<\/dt>\n\t\t\t\t<dd class='wp-caption-text gallery-caption' id='gallery-2-1267'>\n\t\t\t\tLes Tres Virtuts Teologals\n\t\t\t\t<\/dd><\/dl><dl class='gallery-item'>\n\t\t\t<dt class='gallery-icon portrait'>\n\t\t\t\t<a href='https:\/\/www.artdelvitrall.com\/wp-content\/uploads\/2016\/06\/Sant-Lloren\u00e7-2.jpg'><img loading=\"lazy\" decoding=\"async\" width=\"150\" height=\"150\" src=\"https:\/\/www.artdelvitrall.com\/wp-content\/uploads\/2016\/06\/Sant-Lloren\u00e7-2-150x150.jpg\" class=\"attachment-thumbnail size-thumbnail\" alt=\"\" aria-describedby=\"gallery-2-1266\" \/><\/a>\n\t\t\t<\/dt>\n\t\t\t\t<dd class='wp-caption-text gallery-caption' id='gallery-2-1266'>\n\t\t\t\tAl\u00b7legoria del Baptisme\n\t\t\t\t<\/dd><\/dl><dl class='gallery-item'>\n\t\t\t<dt class='gallery-icon landscape'>\n\t\t\t\t<a href='https:\/\/www.artdelvitrall.com\/wp-content\/uploads\/2016\/06\/Sant-Lloren\u00e7-1.jpg'><img loading=\"lazy\" decoding=\"async\" width=\"150\" height=\"150\" src=\"https:\/\/www.artdelvitrall.com\/wp-content\/uploads\/2016\/06\/Sant-Lloren\u00e7-1-150x150.jpg\" class=\"attachment-thumbnail size-thumbnail\" alt=\"\" aria-describedby=\"gallery-2-1265\" \/><\/a>\n\t\t\t<\/dt>\n\t\t\t\t<dd class='wp-caption-text gallery-caption' id='gallery-2-1265'>\n\t\t\t\tCreu\n\t\t\t\t<\/dd><\/dl>\n\t\t\t<br style='clear: both' \/>\n\t\t<\/div>\n<\/p>","protected":false},"excerpt":{"rendered":"<p>Sant Lloren\u00e7 de la Muga se encuentra en la comarca del l&#8217;Alt Empord\u00e0 (Girona). La vidriera del \u00e1bside central se realiz\u00f3 en 1993 y el resto de aperturas de la iglesia, tanto interiores como exteriores, se realizaron en 2002. Estos vitrales fueron realizados por encargo del Mn. Miquel Casteis, rector de la parroquia. Nuestro taller [&hellip;]<\/p>\n","protected":false},"author":1,"featured_media":0,"comment_status":"open","ping_status":"open","sticky":false,"template":"","format":"standard","meta":{"footnotes":""},"categories":[14],"tags":[],"class_list":["post-1264","post","type-post","status-publish","format-standard","hentry","category-galeria"],"amp_enabled":true,"_links":{"self":[{"href":"https:\/\/www.artdelvitrall.com\/es\/wp-json\/wp\/v2\/posts\/1264","targetHints":{"allow":["GET"]}}],"collection":[{"href":"https:\/\/www.artdelvitrall.com\/es\/wp-json\/wp\/v2\/posts"}],"about":[{"href":"https:\/\/www.artdelvitrall.com\/es\/wp-json\/wp\/v2\/types\/post"}],"author":[{"embeddable":true,"href":"https:\/\/www.artdelvitrall.com\/es\/wp-json\/wp\/v2\/users\/1"}],"replies":[{"embeddable":true,"href":"https:\/\/www.artdelvitrall.com\/es\/wp-json\/wp\/v2\/comments?post=1264"}],"version-history":[{"count":2,"href":"https:\/\/www.artdelvitrall.com\/es\/wp-json\/wp\/v2\/posts\/1264\/revisions"}],"predecessor-version":[{"id":1273,"href":"https:\/\/www.artdelvitrall.com\/es\/wp-json\/wp\/v2\/posts\/1264\/revisions\/1273"}],"wp:attachment":[{"href":"https:\/\/www.artdelvitrall.com\/es\/wp-json\/wp\/v2\/media?parent=1264"}],"wp:term":[{"taxonomy":"category","embeddable":true,"href":"https:\/\/www.artdelvitrall.com\/es\/wp-json\/wp\/v2\/categories?post=1264"},{"taxonomy":"post_tag","embeddable":true,"href":"https:\/\/www.artdelvitrall.com\/es\/wp-json\/wp\/v2\/tags?post=1264"}],"curies":[{"name":"wp","href":"https:\/\/api.w.org\/{rel}","templated":true}]}}