{"id":1251,"date":"2016-04-12T20:45:51","date_gmt":"2016-04-12T18:45:51","guid":{"rendered":"http:\/\/www.artdelvitrall.com\/?p=1251"},"modified":"2016-06-20T20:36:43","modified_gmt":"2016-06-20T18:36:43","slug":"restauracio-duna-rosassa-de-cervia-de-les-garrigues","status":"publish","type":"post","link":"https:\/\/www.artdelvitrall.com\/es\/restauracio-duna-rosassa-de-cervia-de-les-garrigues\/","title":{"rendered":"Restauraci\u00f3n de un roset\u00f3n de Cervi\u00e0 de les Garrigues"},"content":{"rendered":"<p><\/p>\n<div class=\"fb-video\" data-href=\"https:\/\/www.facebook.com\/artdelvitrall\/videos\/1161811180525672\/\" data-width=\"500\" data-show-text=\"false\">\n<div class=\"fb-xfbml-parse-ignore\">\n<blockquote cite=\"https:\/\/www.facebook.com\/artdelvitrall\/videos\/1161811180525672\/\"><p><a href=\"https:\/\/www.facebook.com\/artdelvitrall\/videos\/1161811180525672\/\"><\/a><\/p>\n<p>Secuencias de la evoluci\u00f3n del trabajo realizado.<\/p>\n<p>Posted by <a href=\"https:\/\/www.facebook.com\/artdelvitrall\/\">L&#039;Art del Vitrall<\/a> on divendres, 8 \/ abril \/ 2016<\/p><\/blockquote>\n<\/div>\n<\/div>\n<p><\/p>","protected":false},"excerpt":{"rendered":"<p>Secuencias de la evoluci\u00f3n del trabajo realizado. Posted by L&#039;Art del Vitrall on divendres, 8 \/ abril \/ 2016<\/p>\n","protected":false},"author":1,"featured_media":0,"comment_status":"open","ping_status":"open","sticky":false,"template":"","format":"standard","meta":{"footnotes":""},"categories":[6,13],"tags":[],"class_list":["post-1251","post","type-post","status-publish","format-standard","hentry","category-restauracio","category-video"],"amp_enabled":true,"_links":{"self":[{"href":"https:\/\/www.artdelvitrall.com\/es\/wp-json\/wp\/v2\/posts\/1251","targetHints":{"allow":["GET"]}}],"collection":[{"href":"https:\/\/www.artdelvitrall.com\/es\/wp-json\/wp\/v2\/posts"}],"about":[{"href":"https:\/\/www.artdelvitrall.com\/es\/wp-json\/wp\/v2\/types\/post"}],"author":[{"embeddable":true,"href":"https:\/\/www.artdelvitrall.com\/es\/wp-json\/wp\/v2\/users\/1"}],"replies":[{"embeddable":true,"href":"https:\/\/www.artdelvitrall.com\/es\/wp-json\/wp\/v2\/comments?post=1251"}],"version-history":[{"count":5,"href":"https:\/\/www.artdelvitrall.com\/es\/wp-json\/wp\/v2\/posts\/1251\/revisions"}],"predecessor-version":[{"id":1263,"href":"https:\/\/www.artdelvitrall.com\/es\/wp-json\/wp\/v2\/posts\/1251\/revisions\/1263"}],"wp:attachment":[{"href":"https:\/\/www.artdelvitrall.com\/es\/wp-json\/wp\/v2\/media?parent=1251"}],"wp:term":[{"taxonomy":"category","embeddable":true,"href":"https:\/\/www.artdelvitrall.com\/es\/wp-json\/wp\/v2\/categories?post=1251"},{"taxonomy":"post_tag","embeddable":true,"href":"https:\/\/www.artdelvitrall.com\/es\/wp-json\/wp\/v2\/tags?post=1251"}],"curies":[{"name":"wp","href":"https:\/\/api.w.org\/{rel}","templated":true}]}}