{"id":1160,"date":"2015-07-13T21:04:31","date_gmt":"2015-07-13T19:04:31","guid":{"rendered":"http:\/\/www.artdelvitrall.com\/?p=1160"},"modified":"2016-04-18T20:56:45","modified_gmt":"2016-04-18T18:56:45","slug":"restauracio-dels-vitralls-del-cambril-esglesia-maria-immaculada-barcelona","status":"publish","type":"post","link":"https:\/\/www.artdelvitrall.com\/es\/restauracio-dels-vitralls-del-cambril-esglesia-maria-immaculada-barcelona\/","title":{"rendered":"Restauraci\u00f3n de las vidrieras del camar\u00edn. Iglesia Maria Inmaculada, Barcelona"},"content":{"rendered":"<p>Estado de las vidrieras emplomadas (vitrales) del camar\u00edn antes de la restauraci\u00f3n.<br \/>\n\n\t\t<style type=\"text\/css\">\n\t\t\t#gallery-5 {\n\t\t\t\tmargin: auto;\n\t\t\t}\n\t\t\t#gallery-5 .gallery-item {\n\t\t\t\tfloat: left;\n\t\t\t\tmargin-top: 10px;\n\t\t\t\ttext-align: center;\n\t\t\t\twidth: 25%;\n\t\t\t}\n\t\t\t#gallery-5 img {\n\t\t\t\tborder: 2px solid #cfcfcf;\n\t\t\t}\n\t\t\t#gallery-5 .gallery-caption {\n\t\t\t\tmargin-left: 0;\n\t\t\t}\n\t\t\t\/* see gallery_shortcode() in wp-includes\/media.php *\/\n\t\t<\/style>\n\t\t<div id='gallery-5' class='gallery galleryid-1160 gallery-columns-4 gallery-size-thumbnail'><dl class='gallery-item'>\n\t\t\t<dt class='gallery-icon landscape'>\n\t\t\t\t<a href='https:\/\/www.artdelvitrall.com\/wp-content\/uploads\/2015\/07\/Vitrall-cambril-1.jpg'><img loading=\"lazy\" decoding=\"async\" width=\"150\" height=\"150\" src=\"https:\/\/www.artdelvitrall.com\/wp-content\/uploads\/2015\/07\/Vitrall-cambril-1-150x150.jpg\" class=\"attachment-thumbnail size-thumbnail\" alt=\"\" \/><\/a>\n\t\t\t<\/dt><\/dl><dl class='gallery-item'>\n\t\t\t<dt class='gallery-icon portrait'>\n\t\t\t\t<a href='https:\/\/www.artdelvitrall.com\/wp-content\/uploads\/2015\/07\/Vitrall-cambril-4.jpg'><img loading=\"lazy\" decoding=\"async\" width=\"150\" height=\"150\" src=\"https:\/\/www.artdelvitrall.com\/wp-content\/uploads\/2015\/07\/Vitrall-cambril-4-150x150.jpg\" class=\"attachment-thumbnail size-thumbnail\" alt=\"\" \/><\/a>\n\t\t\t<\/dt><\/dl><dl class='gallery-item'>\n\t\t\t<dt class='gallery-icon landscape'>\n\t\t\t\t<a href='https:\/\/www.artdelvitrall.com\/wp-content\/uploads\/2015\/07\/Vitrall-cambril-3.jpg'><img loading=\"lazy\" decoding=\"async\" width=\"150\" height=\"150\" src=\"https:\/\/www.artdelvitrall.com\/wp-content\/uploads\/2015\/07\/Vitrall-cambril-3-150x150.jpg\" class=\"attachment-thumbnail size-thumbnail\" alt=\"\" \/><\/a>\n\t\t\t<\/dt><\/dl>\n\t\t\t<br style='clear: both' \/>\n\t\t<\/div>\n<br \/>\nSecuencias del proceso de restauraci\u00f3n.<br \/>\n\n\t\t<style type=\"text\/css\">\n\t\t\t#gallery-6 {\n\t\t\t\tmargin: auto;\n\t\t\t}\n\t\t\t#gallery-6 .gallery-item {\n\t\t\t\tfloat: left;\n\t\t\t\tmargin-top: 10px;\n\t\t\t\ttext-align: center;\n\t\t\t\twidth: 25%;\n\t\t\t}\n\t\t\t#gallery-6 img {\n\t\t\t\tborder: 2px solid #cfcfcf;\n\t\t\t}\n\t\t\t#gallery-6 .gallery-caption {\n\t\t\t\tmargin-left: 0;\n\t\t\t}\n\t\t\t\/* see gallery_shortcode() in wp-includes\/media.php *\/\n\t\t<\/style>\n\t\t<div id='gallery-6' class='gallery galleryid-1160 gallery-columns-4 gallery-size-thumbnail'><dl class='gallery-item'>\n\t\t\t<dt class='gallery-icon landscape'>\n\t\t\t\t<a href='https:\/\/www.artdelvitrall.com\/wp-content\/uploads\/2015\/07\/Vitrall-cambril-5.jpg'><img loading=\"lazy\" decoding=\"async\" width=\"150\" height=\"150\" src=\"https:\/\/www.artdelvitrall.com\/wp-content\/uploads\/2015\/07\/Vitrall-cambril-5-150x150.jpg\" class=\"attachment-thumbnail size-thumbnail\" alt=\"\" \/><\/a>\n\t\t\t<\/dt><\/dl><dl class='gallery-item'>\n\t\t\t<dt class='gallery-icon portrait'>\n\t\t\t\t<a href='https:\/\/www.artdelvitrall.com\/wp-content\/uploads\/2015\/07\/Vitrall-cambril-6.jpg'><img loading=\"lazy\" decoding=\"async\" width=\"150\" height=\"150\" src=\"https:\/\/www.artdelvitrall.com\/wp-content\/uploads\/2015\/07\/Vitrall-cambril-6-150x150.jpg\" class=\"attachment-thumbnail size-thumbnail\" alt=\"\" \/><\/a>\n\t\t\t<\/dt><\/dl><dl class='gallery-item'>\n\t\t\t<dt class='gallery-icon landscape'>\n\t\t\t\t<a href='https:\/\/www.artdelvitrall.com\/wp-content\/uploads\/2015\/07\/Vitrall-cambril-7.jpg'><img loading=\"lazy\" decoding=\"async\" width=\"150\" height=\"150\" src=\"https:\/\/www.artdelvitrall.com\/wp-content\/uploads\/2015\/07\/Vitrall-cambril-7-150x150.jpg\" class=\"attachment-thumbnail size-thumbnail\" alt=\"\" \/><\/a>\n\t\t\t<\/dt><\/dl><dl class='gallery-item'>\n\t\t\t<dt class='gallery-icon landscape'>\n\t\t\t\t<a href='https:\/\/www.artdelvitrall.com\/wp-content\/uploads\/2015\/07\/Vitrall-cambril-8.jpg'><img loading=\"lazy\" decoding=\"async\" width=\"150\" height=\"150\" src=\"https:\/\/www.artdelvitrall.com\/wp-content\/uploads\/2015\/07\/Vitrall-cambril-8-150x150.jpg\" class=\"attachment-thumbnail size-thumbnail\" alt=\"\" \/><\/a>\n\t\t\t<\/dt><\/dl><br style=\"clear: both\" \/><dl class='gallery-item'>\n\t\t\t<dt class='gallery-icon landscape'>\n\t\t\t\t<a href='https:\/\/www.artdelvitrall.com\/wp-content\/uploads\/2015\/07\/Vitrall-cambril-9.jpg'><img loading=\"lazy\" decoding=\"async\" width=\"150\" height=\"150\" src=\"https:\/\/www.artdelvitrall.com\/wp-content\/uploads\/2015\/07\/Vitrall-cambril-9-150x150.jpg\" class=\"attachment-thumbnail size-thumbnail\" alt=\"\" \/><\/a>\n\t\t\t<\/dt><\/dl>\n\t\t\t<br style='clear: both' \/>\n\t\t<\/div>\n<br \/>\nVitrales restaurados.<br \/>\n\n\t\t<style type=\"text\/css\">\n\t\t\t#gallery-7 {\n\t\t\t\tmargin: auto;\n\t\t\t}\n\t\t\t#gallery-7 .gallery-item {\n\t\t\t\tfloat: left;\n\t\t\t\tmargin-top: 10px;\n\t\t\t\ttext-align: center;\n\t\t\t\twidth: 25%;\n\t\t\t}\n\t\t\t#gallery-7 img {\n\t\t\t\tborder: 2px solid #cfcfcf;\n\t\t\t}\n\t\t\t#gallery-7 .gallery-caption {\n\t\t\t\tmargin-left: 0;\n\t\t\t}\n\t\t\t\/* see gallery_shortcode() in wp-includes\/media.php *\/\n\t\t<\/style>\n\t\t<div id='gallery-7' class='gallery galleryid-1160 gallery-columns-4 gallery-size-thumbnail'><dl class='gallery-item'>\n\t\t\t<dt class='gallery-icon portrait'>\n\t\t\t\t<a href='https:\/\/www.artdelvitrall.com\/wp-content\/uploads\/2015\/07\/Vitrall-cambril-10.jpg'><img loading=\"lazy\" decoding=\"async\" width=\"150\" height=\"150\" src=\"https:\/\/www.artdelvitrall.com\/wp-content\/uploads\/2015\/07\/Vitrall-cambril-10-150x150.jpg\" class=\"attachment-thumbnail size-thumbnail\" alt=\"\" \/><\/a>\n\t\t\t<\/dt><\/dl><dl class='gallery-item'>\n\t\t\t<dt class='gallery-icon portrait'>\n\t\t\t\t<a href='https:\/\/www.artdelvitrall.com\/wp-content\/uploads\/2015\/07\/Vitrall-cambril-11.jpg'><img loading=\"lazy\" decoding=\"async\" width=\"150\" height=\"150\" src=\"https:\/\/www.artdelvitrall.com\/wp-content\/uploads\/2015\/07\/Vitrall-cambril-11-150x150.jpg\" class=\"attachment-thumbnail size-thumbnail\" alt=\"\" \/><\/a>\n\t\t\t<\/dt><\/dl>\n\t\t\t<br style='clear: both' \/>\n\t\t<\/div>\n<br \/>\nEl antes y el despues.<br \/>\n\n\t\t<style type=\"text\/css\">\n\t\t\t#gallery-8 {\n\t\t\t\tmargin: auto;\n\t\t\t}\n\t\t\t#gallery-8 .gallery-item {\n\t\t\t\tfloat: left;\n\t\t\t\tmargin-top: 10px;\n\t\t\t\ttext-align: center;\n\t\t\t\twidth: 25%;\n\t\t\t}\n\t\t\t#gallery-8 img {\n\t\t\t\tborder: 2px solid #cfcfcf;\n\t\t\t}\n\t\t\t#gallery-8 .gallery-caption {\n\t\t\t\tmargin-left: 0;\n\t\t\t}\n\t\t\t\/* see gallery_shortcode() in wp-includes\/media.php *\/\n\t\t<\/style>\n\t\t<div id='gallery-8' class='gallery galleryid-1160 gallery-columns-4 gallery-size-thumbnail'><dl class='gallery-item'>\n\t\t\t<dt class='gallery-icon landscape'>\n\t\t\t\t<a href='https:\/\/www.artdelvitrall.com\/wp-content\/uploads\/2015\/07\/Vitrall-cambril-13.jpg'><img loading=\"lazy\" decoding=\"async\" width=\"150\" height=\"150\" src=\"https:\/\/www.artdelvitrall.com\/wp-content\/uploads\/2015\/07\/Vitrall-cambril-13-150x150.jpg\" class=\"attachment-thumbnail size-thumbnail\" alt=\"\" \/><\/a>\n\t\t\t<\/dt><\/dl><dl class='gallery-item'>\n\t\t\t<dt class='gallery-icon portrait'>\n\t\t\t\t<a href='https:\/\/www.artdelvitrall.com\/wp-content\/uploads\/2015\/07\/Vitrall-cambril-14.jpg'><img loading=\"lazy\" decoding=\"async\" width=\"150\" height=\"150\" src=\"https:\/\/www.artdelvitrall.com\/wp-content\/uploads\/2015\/07\/Vitrall-cambril-14-150x150.jpg\" class=\"attachment-thumbnail size-thumbnail\" alt=\"\" \/><\/a>\n\t\t\t<\/dt><\/dl>\n\t\t\t<br style='clear: both' \/>\n\t\t<\/div>\n<\/p>","protected":false},"excerpt":{"rendered":"<p>Estado de las vidrieras emplomadas (vitrales) del camar\u00edn antes de la restauraci\u00f3n. Secuencias del proceso de restauraci\u00f3n. Vitrales restaurados. El antes y el despues.<\/p>\n","protected":false},"author":1,"featured_media":0,"comment_status":"open","ping_status":"open","sticky":false,"template":"","format":"standard","meta":{"footnotes":""},"categories":[6],"tags":[],"class_list":["post-1160","post","type-post","status-publish","format-standard","hentry","category-restauracio"],"amp_enabled":true,"_links":{"self":[{"href":"https:\/\/www.artdelvitrall.com\/es\/wp-json\/wp\/v2\/posts\/1160","targetHints":{"allow":["GET"]}}],"collection":[{"href":"https:\/\/www.artdelvitrall.com\/es\/wp-json\/wp\/v2\/posts"}],"about":[{"href":"https:\/\/www.artdelvitrall.com\/es\/wp-json\/wp\/v2\/types\/post"}],"author":[{"embeddable":true,"href":"https:\/\/www.artdelvitrall.com\/es\/wp-json\/wp\/v2\/users\/1"}],"replies":[{"embeddable":true,"href":"https:\/\/www.artdelvitrall.com\/es\/wp-json\/wp\/v2\/comments?post=1160"}],"version-history":[{"count":1,"href":"https:\/\/www.artdelvitrall.com\/es\/wp-json\/wp\/v2\/posts\/1160\/revisions"}],"predecessor-version":[{"id":1174,"href":"https:\/\/www.artdelvitrall.com\/es\/wp-json\/wp\/v2\/posts\/1160\/revisions\/1174"}],"wp:attachment":[{"href":"https:\/\/www.artdelvitrall.com\/es\/wp-json\/wp\/v2\/media?parent=1160"}],"wp:term":[{"taxonomy":"category","embeddable":true,"href":"https:\/\/www.artdelvitrall.com\/es\/wp-json\/wp\/v2\/categories?post=1160"},{"taxonomy":"post_tag","embeddable":true,"href":"https:\/\/www.artdelvitrall.com\/es\/wp-json\/wp\/v2\/tags?post=1160"}],"curies":[{"name":"wp","href":"https:\/\/api.w.org\/{rel}","templated":true}]}}